{"id":371,"date":"2019-02-11T20:08:18","date_gmt":"2019-02-11T20:08:18","guid":{"rendered":"http:\/\/sv-hohenaverbergen.de\/?p=371"},"modified":"2019-02-14T22:07:28","modified_gmt":"2019-02-14T22:07:28","slug":"bericht-zum-familienschiessen-2018","status":"publish","type":"post","link":"http:\/\/sv-hohenaverbergen.de\/?p=371","title":{"rendered":"Bericht zum Familienschie\u00dfen 2019"},"content":{"rendered":"\n<p>Unsere Hohener Sch\u00fctzen waren beim ersten schie\u00dfsportlichen H\u00f6hepunkt 2019 im Kreissch\u00fctzenverband Verden erfolgreich! Beim Familienschie\u00dfen beim SV D\u00f6rverden belegten sie sehr gute Pl\u00e4tze.<\/p>\n\n\n\n<p>N\u00e4here Informationen k\u00f6nnen diesem Zeitungsbericht entnommen werden:<\/p>\n\n\n\n<figure class=\"wp-block-image is-resized\"><a href=\"http:\/\/sv-hohenaverbergen.de\/wp-content\/uploads\/2019\/02\/IMG-20190201-WA0001.jpg\"><img loading=\"lazy\" src=\"http:\/\/sv-hohenaverbergen.de\/wp-content\/uploads\/2019\/02\/IMG-20190201-WA0001-1024x576.jpg\" alt=\"\" class=\"wp-image-372\" width=\"512\" height=\"288\" srcset=\"http:\/\/sv-hohenaverbergen.de\/wp-content\/uploads\/2019\/02\/IMG-20190201-WA0001-1024x576.jpg 1024w, http:\/\/sv-hohenaverbergen.de\/wp-content\/uploads\/2019\/02\/IMG-20190201-WA0001-300x169.jpg 300w, http:\/\/sv-hohenaverbergen.de\/wp-content\/uploads\/2019\/02\/IMG-20190201-WA0001-768x432.jpg 768w, http:\/\/sv-hohenaverbergen.de\/wp-content\/uploads\/2019\/02\/IMG-20190201-WA0001.jpg 1600w\" sizes=\"(max-width: 512px) 100vw, 512px\" \/><\/a><\/figure>\n","protected":false},"excerpt":{"rendered":"<p>Unsere Hohener Sch\u00fctzen waren beim ersten schie\u00dfsportlichen H\u00f6hepunkt 2019 im Kreissch\u00fctzenverband Verden erfolgreich! Beim Familienschie\u00dfen beim SV D\u00f6rverden belegten sie sehr gute Pl\u00e4tze. N\u00e4here Informationen k\u00f6nnen diesem Zeitungsbericht entnommen werden:<\/p>\n","protected":false},"author":1,"featured_media":372,"comment_status":"open","ping_status":"open","sticky":false,"template":"","format":"standard","meta":[],"categories":[4],"tags":[],"_links":{"self":[{"href":"http:\/\/sv-hohenaverbergen.de\/index.php?rest_route=\/wp\/v2\/posts\/371"}],"collection":[{"href":"http:\/\/sv-hohenaverbergen.de\/index.php?rest_route=\/wp\/v2\/posts"}],"about":[{"href":"http:\/\/sv-hohenaverbergen.de\/index.php?rest_route=\/wp\/v2\/types\/post"}],"author":[{"embeddable":true,"href":"http:\/\/sv-hohenaverbergen.de\/index.php?rest_route=\/wp\/v2\/users\/1"}],"replies":[{"embeddable":true,"href":"http:\/\/sv-hohenaverbergen.de\/index.php?rest_route=%2Fwp%2Fv2%2Fcomments&post=371"}],"version-history":[{"count":3,"href":"http:\/\/sv-hohenaverbergen.de\/index.php?rest_route=\/wp\/v2\/posts\/371\/revisions"}],"predecessor-version":[{"id":380,"href":"http:\/\/sv-hohenaverbergen.de\/index.php?rest_route=\/wp\/v2\/posts\/371\/revisions\/380"}],"wp:featuredmedia":[{"embeddable":true,"href":"http:\/\/sv-hohenaverbergen.de\/index.php?rest_route=\/wp\/v2\/media\/372"}],"wp:attachment":[{"href":"http:\/\/sv-hohenaverbergen.de\/index.php?rest_route=%2Fwp%2Fv2%2Fmedia&parent=371"}],"wp:term":[{"taxonomy":"category","embeddable":true,"href":"http:\/\/sv-hohenaverbergen.de\/index.php?rest_route=%2Fwp%2Fv2%2Fcategories&post=371"},{"taxonomy":"post_tag","embeddable":true,"href":"http:\/\/sv-hohenaverbergen.de\/index.php?rest_route=%2Fwp%2Fv2%2Ftags&post=371"}],"curies":[{"name":"wp","href":"https:\/\/api.w.org\/{rel}","templated":true}]}}